{"id":12590,"date":"2018-01-12T12:16:21","date_gmt":"2018-01-12T11:16:21","guid":{"rendered":"http:\/\/www.bgdbabogados.com\/el-tjue-dictamina-que-la-ley-de-comercio-minorista-en-la-regulacion-de-las-ventas-a-perdida-es-contraria-al-derecho-comunitario\/"},"modified":"2018-01-12T12:16:21","modified_gmt":"2018-01-12T11:16:21","slug":"el-tjue-dictamina-que-la-ley-de-comercio-minorista-en-la-regulacion-de-las-ventas-a-perdida-es-contraria-al-derecho-comunitario","status":"publish","type":"post","link":"https:\/\/www.bgdbabogados.com\/en\/el-tjue-dictamina-que-la-ley-de-comercio-minorista-en-la-regulacion-de-las-ventas-a-perdida-es-contraria-al-derecho-comunitario\/","title":{"rendered":"El TJUE dictamina que la Ley de Comercio Minorista en la regulaci\u00f3n de las ventas a p\u00e9rdida, es contraria al derecho comunitario"},"content":{"rendered":"<p>La ley espa\u00f1ola proh\u00edbe con car\u00e1cter general realizar ventas con p\u00e9rdida y \u00fanicamente lo permite en dos casos no previstos en la directiva europea.<\/p>\n<p>El Tribunal de Justicia de la Uni\u00f3n Europea (TJUE) dictamina en una sentencia de 19 de octubre de 2017 que los Estados miembros no pueden adoptar medidas m\u00e1s restrictivas que las previstas en la norma de la UE. La Directiva comunitaria sobre pr\u00e1cticas comerciales desleales \u201cse opone a la ley espa\u00f1ola en la medida en que \u00e9sta proh\u00edbe con car\u00e1cter general la venta con p\u00e9rdidas y establece excepciones a dicha prohibici\u00f3n basadas en criterios no contemplados en la directiva\u201d.<\/p>\n<p>La venta a p\u00e9rdida significa ofrecer productos por debajo de su coste y algunos comerciantes la usan como \u201creclamo\u201d para otras ventas.<\/p>\n","protected":false},"excerpt":{"rendered":"<p>La ley espa\u00f1ola proh\u00edbe con car\u00e1cter general realizar ventas con p\u00e9rdida y \u00fanicamente lo permite en dos casos no previstos en la directiva europea. El Tribunal de Justicia de la<\/p>\n","protected":false},"author":1,"featured_media":12552,"comment_status":"closed","ping_status":"closed","sticky":false,"template":"","format":"standard","meta":{"footnotes":""},"categories":[99],"tags":[119,120,121,122,123],"class_list":["post-12590","post","type-post","status-publish","format-standard","has-post-thumbnail","hentry","category-noticia-en","tag-comercio-minorista-en","tag-noticia-en","tag-tjue-en","tag-ue-en","tag-ventas-en"],"yoast_head":"<!-- This site is optimized with the Yoast SEO plugin v27.5 - https:\/\/yoast.com\/product\/yoast-seo-wordpress\/ -->\n<title>El TJUE dictamina que la Ley de Comercio Minorista en la regulaci\u00f3n de las ventas a p\u00e9rdida, es contraria al derecho comunitario - BGdB Abogados<\/title>\n<meta name=\"robots\" content=\"index, follow, max-snippet:-1, max-image-preview:large, max-video-preview:-1\" \/>\n<link rel=\"canonical\" href=\"https:\/\/www.bgdbabogados.com\/en\/el-tjue-dictamina-que-la-ley-de-comercio-minorista-en-la-regulacion-de-las-ventas-a-perdida-es-contraria-al-derecho-comunitario\/\" \/>\n<meta property=\"og:locale\" content=\"en_US\" \/>\n<meta property=\"og:type\" content=\"article\" \/>\n<meta property=\"og:title\" content=\"El TJUE dictamina que la Ley de Comercio Minorista en la regulaci\u00f3n de las ventas a p\u00e9rdida, es contraria al derecho comunitario - BGdB Abogados\" \/>\n<meta property=\"og:description\" content=\"La ley espa\u00f1ola proh\u00edbe con car\u00e1cter general realizar ventas con p\u00e9rdida y \u00fanicamente lo permite en dos casos no previstos en la directiva europea. El Tribunal de Justicia de la\" \/>\n<meta property=\"og:url\" content=\"https:\/\/www.bgdbabogados.com\/en\/el-tjue-dictamina-que-la-ley-de-comercio-minorista-en-la-regulacion-de-las-ventas-a-perdida-es-contraria-al-derecho-comunitario\/\" \/>\n<meta property=\"og:site_name\" content=\"BGdB Abogados\" \/>\n<meta property=\"article:published_time\" content=\"2018-01-12T11:16:21+00:00\" \/>\n<meta property=\"og:image\" content=\"https:\/\/www.bgdbabogados.com\/wp-content\/uploads\/2018\/01\/Noticias2.jpg\" \/>\n\t<meta property=\"og:image:width\" content=\"845\" \/>\n\t<meta property=\"og:image:height\" content=\"567\" \/>\n\t<meta property=\"og:image:type\" content=\"image\/jpeg\" \/>\n<meta name=\"author\" content=\"paula\" \/>\n<meta name=\"twitter:card\" content=\"summary_large_image\" \/>\n<meta name=\"twitter:creator\" content=\"@BGdB_abogados\" \/>\n<meta name=\"twitter:site\" content=\"@BGdB_abogados\" \/>\n<meta name=\"twitter:label1\" content=\"Written by\" \/>\n\t<meta name=\"twitter:data1\" content=\"paula\" \/>\n\t<meta name=\"twitter:label2\" content=\"Est. reading time\" \/>\n\t<meta name=\"twitter:data2\" content=\"1 minute\" \/>\n<script type=\"application\/ld+json\" class=\"yoast-schema-graph\">{\"@context\":\"https:\\\/\\\/schema.org\",\"@graph\":[{\"@type\":\"Article\",\"@id\":\"https:\\\/\\\/www.bgdbabogados.com\\\/en\\\/el-tjue-dictamina-que-la-ley-de-comercio-minorista-en-la-regulacion-de-las-ventas-a-perdida-es-contraria-al-derecho-comunitario\\\/#article\",\"isPartOf\":{\"@id\":\"https:\\\/\\\/www.bgdbabogados.com\\\/en\\\/el-tjue-dictamina-que-la-ley-de-comercio-minorista-en-la-regulacion-de-las-ventas-a-perdida-es-contraria-al-derecho-comunitario\\\/\"},\"author\":{\"name\":\"paula\",\"@id\":\"https:\\\/\\\/www.bgdbabogados.com\\\/en\\\/#\\\/schema\\\/person\\\/0dbab62ea6f8e7c827672df3480c2169\"},\"headline\":\"El TJUE dictamina que la Ley de Comercio Minorista en la regulaci\u00f3n de las ventas a p\u00e9rdida, es contraria al derecho comunitario\",\"datePublished\":\"2018-01-12T11:16:21+00:00\",\"mainEntityOfPage\":{\"@id\":\"https:\\\/\\\/www.bgdbabogados.com\\\/en\\\/el-tjue-dictamina-que-la-ley-de-comercio-minorista-en-la-regulacion-de-las-ventas-a-perdida-es-contraria-al-derecho-comunitario\\\/\"},\"wordCount\":160,\"publisher\":{\"@id\":\"https:\\\/\\\/www.bgdbabogados.com\\\/en\\\/#organization\"},\"image\":{\"@id\":\"https:\\\/\\\/www.bgdbabogados.com\\\/en\\\/el-tjue-dictamina-que-la-ley-de-comercio-minorista-en-la-regulacion-de-las-ventas-a-perdida-es-contraria-al-derecho-comunitario\\\/#primaryimage\"},\"thumbnailUrl\":\"https:\\\/\\\/www.bgdbabogados.com\\\/wp-content\\\/uploads\\\/2018\\\/01\\\/Noticias2.jpg\",\"keywords\":[\"Comercio Minorista\",\"Noticia\",\"TJUE\",\"UE\",\"ventas\"],\"articleSection\":[\"NOTICIA\"],\"inLanguage\":\"en-US\"},{\"@type\":\"WebPage\",\"@id\":\"https:\\\/\\\/www.bgdbabogados.com\\\/en\\\/el-tjue-dictamina-que-la-ley-de-comercio-minorista-en-la-regulacion-de-las-ventas-a-perdida-es-contraria-al-derecho-comunitario\\\/\",\"url\":\"https:\\\/\\\/www.bgdbabogados.com\\\/en\\\/el-tjue-dictamina-que-la-ley-de-comercio-minorista-en-la-regulacion-de-las-ventas-a-perdida-es-contraria-al-derecho-comunitario\\\/\",\"name\":\"El TJUE dictamina que la Ley de Comercio Minorista en la regulaci\u00f3n de las ventas a p\u00e9rdida, es contraria al derecho comunitario - BGdB Abogados\",\"isPartOf\":{\"@id\":\"https:\\\/\\\/www.bgdbabogados.com\\\/en\\\/#website\"},\"primaryImageOfPage\":{\"@id\":\"https:\\\/\\\/www.bgdbabogados.com\\\/en\\\/el-tjue-dictamina-que-la-ley-de-comercio-minorista-en-la-regulacion-de-las-ventas-a-perdida-es-contraria-al-derecho-comunitario\\\/#primaryimage\"},\"image\":{\"@id\":\"https:\\\/\\\/www.bgdbabogados.com\\\/en\\\/el-tjue-dictamina-que-la-ley-de-comercio-minorista-en-la-regulacion-de-las-ventas-a-perdida-es-contraria-al-derecho-comunitario\\\/#primaryimage\"},\"thumbnailUrl\":\"https:\\\/\\\/www.bgdbabogados.com\\\/wp-content\\\/uploads\\\/2018\\\/01\\\/Noticias2.jpg\",\"datePublished\":\"2018-01-12T11:16:21+00:00\",\"breadcrumb\":{\"@id\":\"https:\\\/\\\/www.bgdbabogados.com\\\/en\\\/el-tjue-dictamina-que-la-ley-de-comercio-minorista-en-la-regulacion-de-las-ventas-a-perdida-es-contraria-al-derecho-comunitario\\\/#breadcrumb\"},\"inLanguage\":\"en-US\",\"potentialAction\":[{\"@type\":\"ReadAction\",\"target\":[\"https:\\\/\\\/www.bgdbabogados.com\\\/en\\\/el-tjue-dictamina-que-la-ley-de-comercio-minorista-en-la-regulacion-de-las-ventas-a-perdida-es-contraria-al-derecho-comunitario\\\/\"]}]},{\"@type\":\"ImageObject\",\"inLanguage\":\"en-US\",\"@id\":\"https:\\\/\\\/www.bgdbabogados.com\\\/en\\\/el-tjue-dictamina-que-la-ley-de-comercio-minorista-en-la-regulacion-de-las-ventas-a-perdida-es-contraria-al-derecho-comunitario\\\/#primaryimage\",\"url\":\"https:\\\/\\\/www.bgdbabogados.com\\\/wp-content\\\/uploads\\\/2018\\\/01\\\/Noticias2.jpg\",\"contentUrl\":\"https:\\\/\\\/www.bgdbabogados.com\\\/wp-content\\\/uploads\\\/2018\\\/01\\\/Noticias2.jpg\",\"width\":845,\"height\":567},{\"@type\":\"BreadcrumbList\",\"@id\":\"https:\\\/\\\/www.bgdbabogados.com\\\/en\\\/el-tjue-dictamina-que-la-ley-de-comercio-minorista-en-la-regulacion-de-las-ventas-a-perdida-es-contraria-al-derecho-comunitario\\\/#breadcrumb\",\"itemListElement\":[{\"@type\":\"ListItem\",\"position\":1,\"name\":\"Portada\",\"item\":\"https:\\\/\\\/www.bgdbabogados.com\\\/en\\\/\"},{\"@type\":\"ListItem\",\"position\":2,\"name\":\"El TJUE dictamina que la Ley de Comercio Minorista en la regulaci\u00f3n de las ventas a p\u00e9rdida, es contraria al derecho comunitario\"}]},{\"@type\":\"WebSite\",\"@id\":\"https:\\\/\\\/www.bgdbabogados.com\\\/en\\\/#website\",\"url\":\"https:\\\/\\\/www.bgdbabogados.com\\\/en\\\/\",\"name\":\"BGdB Abogados\",\"description\":\"Bufete Gimeno del Busto\",\"publisher\":{\"@id\":\"https:\\\/\\\/www.bgdbabogados.com\\\/en\\\/#organization\"},\"potentialAction\":[{\"@type\":\"SearchAction\",\"target\":{\"@type\":\"EntryPoint\",\"urlTemplate\":\"https:\\\/\\\/www.bgdbabogados.com\\\/en\\\/?s={search_term_string}\"},\"query-input\":{\"@type\":\"PropertyValueSpecification\",\"valueRequired\":true,\"valueName\":\"search_term_string\"}}],\"inLanguage\":\"en-US\"},{\"@type\":\"Organization\",\"@id\":\"https:\\\/\\\/www.bgdbabogados.com\\\/en\\\/#organization\",\"name\":\"BGdB Abogados\",\"url\":\"https:\\\/\\\/www.bgdbabogados.com\\\/en\\\/\",\"logo\":{\"@type\":\"ImageObject\",\"inLanguage\":\"en-US\",\"@id\":\"https:\\\/\\\/www.bgdbabogados.com\\\/en\\\/#\\\/schema\\\/logo\\\/image\\\/\",\"url\":\"https:\\\/\\\/www.bgdbabogados.com\\\/wp-content\\\/uploads\\\/2017\\\/06\\\/logo-dark-retina.png\",\"contentUrl\":\"https:\\\/\\\/www.bgdbabogados.com\\\/wp-content\\\/uploads\\\/2017\\\/06\\\/logo-dark-retina.png\",\"width\":273,\"height\":80,\"caption\":\"BGdB Abogados\"},\"image\":{\"@id\":\"https:\\\/\\\/www.bgdbabogados.com\\\/en\\\/#\\\/schema\\\/logo\\\/image\\\/\"},\"sameAs\":[\"https:\\\/\\\/x.com\\\/BGdB_abogados\",\"https:\\\/\\\/www.linkedin.com\\\/company\\\/bufete-gimeno-del-busto\\\/\"]},{\"@type\":\"Person\",\"@id\":\"https:\\\/\\\/www.bgdbabogados.com\\\/en\\\/#\\\/schema\\\/person\\\/0dbab62ea6f8e7c827672df3480c2169\",\"name\":\"paula\",\"image\":{\"@type\":\"ImageObject\",\"inLanguage\":\"en-US\",\"@id\":\"https:\\\/\\\/secure.gravatar.com\\\/avatar\\\/e7388c070f0a6df2e711c24458166ea4714a0432f336ea0d5adebce5b1ad0b64?s=96&d=mm&r=g\",\"url\":\"https:\\\/\\\/secure.gravatar.com\\\/avatar\\\/e7388c070f0a6df2e711c24458166ea4714a0432f336ea0d5adebce5b1ad0b64?s=96&d=mm&r=g\",\"contentUrl\":\"https:\\\/\\\/secure.gravatar.com\\\/avatar\\\/e7388c070f0a6df2e711c24458166ea4714a0432f336ea0d5adebce5b1ad0b64?s=96&d=mm&r=g\",\"caption\":\"paula\"}}]}<\/script>\n<!-- \/ Yoast SEO plugin. -->","yoast_head_json":{"title":"El TJUE dictamina que la Ley de Comercio Minorista en la regulaci\u00f3n de las ventas a p\u00e9rdida, es contraria al derecho comunitario - BGdB Abogados","robots":{"index":"index","follow":"follow","max-snippet":"max-snippet:-1","max-image-preview":"max-image-preview:large","max-video-preview":"max-video-preview:-1"},"canonical":"https:\/\/www.bgdbabogados.com\/en\/el-tjue-dictamina-que-la-ley-de-comercio-minorista-en-la-regulacion-de-las-ventas-a-perdida-es-contraria-al-derecho-comunitario\/","og_locale":"en_US","og_type":"article","og_title":"El TJUE dictamina que la Ley de Comercio Minorista en la regulaci\u00f3n de las ventas a p\u00e9rdida, es contraria al derecho comunitario - BGdB Abogados","og_description":"La ley espa\u00f1ola proh\u00edbe con car\u00e1cter general realizar ventas con p\u00e9rdida y \u00fanicamente lo permite en dos casos no previstos en la directiva europea. El Tribunal de Justicia de la","og_url":"https:\/\/www.bgdbabogados.com\/en\/el-tjue-dictamina-que-la-ley-de-comercio-minorista-en-la-regulacion-de-las-ventas-a-perdida-es-contraria-al-derecho-comunitario\/","og_site_name":"BGdB Abogados","article_published_time":"2018-01-12T11:16:21+00:00","og_image":[{"width":845,"height":567,"url":"https:\/\/www.bgdbabogados.com\/wp-content\/uploads\/2018\/01\/Noticias2.jpg","type":"image\/jpeg"}],"author":"paula","twitter_card":"summary_large_image","twitter_creator":"@BGdB_abogados","twitter_site":"@BGdB_abogados","twitter_misc":{"Written by":"paula","Est. reading time":"1 minute"},"schema":{"@context":"https:\/\/schema.org","@graph":[{"@type":"Article","@id":"https:\/\/www.bgdbabogados.com\/en\/el-tjue-dictamina-que-la-ley-de-comercio-minorista-en-la-regulacion-de-las-ventas-a-perdida-es-contraria-al-derecho-comunitario\/#article","isPartOf":{"@id":"https:\/\/www.bgdbabogados.com\/en\/el-tjue-dictamina-que-la-ley-de-comercio-minorista-en-la-regulacion-de-las-ventas-a-perdida-es-contraria-al-derecho-comunitario\/"},"author":{"name":"paula","@id":"https:\/\/www.bgdbabogados.com\/en\/#\/schema\/person\/0dbab62ea6f8e7c827672df3480c2169"},"headline":"El TJUE dictamina que la Ley de Comercio Minorista en la regulaci\u00f3n de las ventas a p\u00e9rdida, es contraria al derecho comunitario","datePublished":"2018-01-12T11:16:21+00:00","mainEntityOfPage":{"@id":"https:\/\/www.bgdbabogados.com\/en\/el-tjue-dictamina-que-la-ley-de-comercio-minorista-en-la-regulacion-de-las-ventas-a-perdida-es-contraria-al-derecho-comunitario\/"},"wordCount":160,"publisher":{"@id":"https:\/\/www.bgdbabogados.com\/en\/#organization"},"image":{"@id":"https:\/\/www.bgdbabogados.com\/en\/el-tjue-dictamina-que-la-ley-de-comercio-minorista-en-la-regulacion-de-las-ventas-a-perdida-es-contraria-al-derecho-comunitario\/#primaryimage"},"thumbnailUrl":"https:\/\/www.bgdbabogados.com\/wp-content\/uploads\/2018\/01\/Noticias2.jpg","keywords":["Comercio Minorista","Noticia","TJUE","UE","ventas"],"articleSection":["NOTICIA"],"inLanguage":"en-US"},{"@type":"WebPage","@id":"https:\/\/www.bgdbabogados.com\/en\/el-tjue-dictamina-que-la-ley-de-comercio-minorista-en-la-regulacion-de-las-ventas-a-perdida-es-contraria-al-derecho-comunitario\/","url":"https:\/\/www.bgdbabogados.com\/en\/el-tjue-dictamina-que-la-ley-de-comercio-minorista-en-la-regulacion-de-las-ventas-a-perdida-es-contraria-al-derecho-comunitario\/","name":"El TJUE dictamina que la Ley de Comercio Minorista en la regulaci\u00f3n de las ventas a p\u00e9rdida, es contraria al derecho comunitario - BGdB Abogados","isPartOf":{"@id":"https:\/\/www.bgdbabogados.com\/en\/#website"},"primaryImageOfPage":{"@id":"https:\/\/www.bgdbabogados.com\/en\/el-tjue-dictamina-que-la-ley-de-comercio-minorista-en-la-regulacion-de-las-ventas-a-perdida-es-contraria-al-derecho-comunitario\/#primaryimage"},"image":{"@id":"https:\/\/www.bgdbabogados.com\/en\/el-tjue-dictamina-que-la-ley-de-comercio-minorista-en-la-regulacion-de-las-ventas-a-perdida-es-contraria-al-derecho-comunitario\/#primaryimage"},"thumbnailUrl":"https:\/\/www.bgdbabogados.com\/wp-content\/uploads\/2018\/01\/Noticias2.jpg","datePublished":"2018-01-12T11:16:21+00:00","breadcrumb":{"@id":"https:\/\/www.bgdbabogados.com\/en\/el-tjue-dictamina-que-la-ley-de-comercio-minorista-en-la-regulacion-de-las-ventas-a-perdida-es-contraria-al-derecho-comunitario\/#breadcrumb"},"inLanguage":"en-US","potentialAction":[{"@type":"ReadAction","target":["https:\/\/www.bgdbabogados.com\/en\/el-tjue-dictamina-que-la-ley-de-comercio-minorista-en-la-regulacion-de-las-ventas-a-perdida-es-contraria-al-derecho-comunitario\/"]}]},{"@type":"ImageObject","inLanguage":"en-US","@id":"https:\/\/www.bgdbabogados.com\/en\/el-tjue-dictamina-que-la-ley-de-comercio-minorista-en-la-regulacion-de-las-ventas-a-perdida-es-contraria-al-derecho-comunitario\/#primaryimage","url":"https:\/\/www.bgdbabogados.com\/wp-content\/uploads\/2018\/01\/Noticias2.jpg","contentUrl":"https:\/\/www.bgdbabogados.com\/wp-content\/uploads\/2018\/01\/Noticias2.jpg","width":845,"height":567},{"@type":"BreadcrumbList","@id":"https:\/\/www.bgdbabogados.com\/en\/el-tjue-dictamina-que-la-ley-de-comercio-minorista-en-la-regulacion-de-las-ventas-a-perdida-es-contraria-al-derecho-comunitario\/#breadcrumb","itemListElement":[{"@type":"ListItem","position":1,"name":"Portada","item":"https:\/\/www.bgdbabogados.com\/en\/"},{"@type":"ListItem","position":2,"name":"El TJUE dictamina que la Ley de Comercio Minorista en la regulaci\u00f3n de las ventas a p\u00e9rdida, es contraria al derecho comunitario"}]},{"@type":"WebSite","@id":"https:\/\/www.bgdbabogados.com\/en\/#website","url":"https:\/\/www.bgdbabogados.com\/en\/","name":"BGdB Abogados","description":"Bufete Gimeno del Busto","publisher":{"@id":"https:\/\/www.bgdbabogados.com\/en\/#organization"},"potentialAction":[{"@type":"SearchAction","target":{"@type":"EntryPoint","urlTemplate":"https:\/\/www.bgdbabogados.com\/en\/?s={search_term_string}"},"query-input":{"@type":"PropertyValueSpecification","valueRequired":true,"valueName":"search_term_string"}}],"inLanguage":"en-US"},{"@type":"Organization","@id":"https:\/\/www.bgdbabogados.com\/en\/#organization","name":"BGdB Abogados","url":"https:\/\/www.bgdbabogados.com\/en\/","logo":{"@type":"ImageObject","inLanguage":"en-US","@id":"https:\/\/www.bgdbabogados.com\/en\/#\/schema\/logo\/image\/","url":"https:\/\/www.bgdbabogados.com\/wp-content\/uploads\/2017\/06\/logo-dark-retina.png","contentUrl":"https:\/\/www.bgdbabogados.com\/wp-content\/uploads\/2017\/06\/logo-dark-retina.png","width":273,"height":80,"caption":"BGdB Abogados"},"image":{"@id":"https:\/\/www.bgdbabogados.com\/en\/#\/schema\/logo\/image\/"},"sameAs":["https:\/\/x.com\/BGdB_abogados","https:\/\/www.linkedin.com\/company\/bufete-gimeno-del-busto\/"]},{"@type":"Person","@id":"https:\/\/www.bgdbabogados.com\/en\/#\/schema\/person\/0dbab62ea6f8e7c827672df3480c2169","name":"paula","image":{"@type":"ImageObject","inLanguage":"en-US","@id":"https:\/\/secure.gravatar.com\/avatar\/e7388c070f0a6df2e711c24458166ea4714a0432f336ea0d5adebce5b1ad0b64?s=96&d=mm&r=g","url":"https:\/\/secure.gravatar.com\/avatar\/e7388c070f0a6df2e711c24458166ea4714a0432f336ea0d5adebce5b1ad0b64?s=96&d=mm&r=g","contentUrl":"https:\/\/secure.gravatar.com\/avatar\/e7388c070f0a6df2e711c24458166ea4714a0432f336ea0d5adebce5b1ad0b64?s=96&d=mm&r=g","caption":"paula"}}]}},"_links":{"self":[{"href":"https:\/\/www.bgdbabogados.com\/en\/wp-json\/wp\/v2\/posts\/12590","targetHints":{"allow":["GET"]}}],"collection":[{"href":"https:\/\/www.bgdbabogados.com\/en\/wp-json\/wp\/v2\/posts"}],"about":[{"href":"https:\/\/www.bgdbabogados.com\/en\/wp-json\/wp\/v2\/types\/post"}],"author":[{"embeddable":true,"href":"https:\/\/www.bgdbabogados.com\/en\/wp-json\/wp\/v2\/users\/1"}],"replies":[{"embeddable":true,"href":"https:\/\/www.bgdbabogados.com\/en\/wp-json\/wp\/v2\/comments?post=12590"}],"version-history":[{"count":0,"href":"https:\/\/www.bgdbabogados.com\/en\/wp-json\/wp\/v2\/posts\/12590\/revisions"}],"wp:featuredmedia":[{"embeddable":true,"href":"https:\/\/www.bgdbabogados.com\/en\/wp-json\/wp\/v2\/media\/12552"}],"wp:attachment":[{"href":"https:\/\/www.bgdbabogados.com\/en\/wp-json\/wp\/v2\/media?parent=12590"}],"wp:term":[{"taxonomy":"category","embeddable":true,"href":"https:\/\/www.bgdbabogados.com\/en\/wp-json\/wp\/v2\/categories?post=12590"},{"taxonomy":"post_tag","embeddable":true,"href":"https:\/\/www.bgdbabogados.com\/en\/wp-json\/wp\/v2\/tags?post=12590"}],"curies":[{"name":"wp","href":"https:\/\/api.w.org\/{rel}","templated":true}]}}