{"id":12592,"date":"2018-01-10T15:26:25","date_gmt":"2018-01-10T14:26:25","guid":{"rendered":"http:\/\/www.bgdbabogados.com\/reglamento-general-europeo-de-proteccion-de-datos-rgpd-mayo-de-2018-empieza-la-cuenta-atras-para-las-empresas\/"},"modified":"2018-01-10T15:26:25","modified_gmt":"2018-01-10T14:26:25","slug":"reglamento-general-europeo-de-proteccion-de-datos-rgpd-mayo-de-2018-empieza-la-cuenta-atras-para-las-empresas","status":"publish","type":"post","link":"https:\/\/www.bgdbabogados.com\/en\/reglamento-general-europeo-de-proteccion-de-datos-rgpd-mayo-de-2018-empieza-la-cuenta-atras-para-las-empresas\/","title":{"rendered":"Reglamento General Europeo de Protecci\u00f3n de Datos (RGPD): mayo de 2018, empieza la cuenta atr\u00e1s para las empresas"},"content":{"rendered":"<p>El 25 de mayo de 2016 entr\u00f3 en vigor el nuevo Reglamento General de Protecci\u00f3n de Datos aprobado por el Parlamento Europeo y de obligado cumplimiento no s\u00f3lo para los pa\u00edses miembros de la Uni\u00f3n Europea, sino tambi\u00e9n para todas las organizaciones a nivel mundial que vendan sus productos o servicios en el seno de la UE.<\/p>\n<p>Al tratarse de un Reglamento europeo, a pesar de que en Espa\u00f1a contamos con la actual Ley de Protecci\u00f3n de Datos (LOPD) el Reglamento es de directa aplicaci\u00f3n y por tanto <strong>las empresas deben adaptarse a las novedades que en \u00e9l se estipulan<\/strong>, las cuales suponen un avance en cuanto a la protecci\u00f3n de datos de las personas y su informaci\u00f3n privada, reforzando sus derechos actuales y estableciendo una serie de requisitos de obligado cumplimiento para las empresas.<\/p>\n<p>El Organismo europeo ha dado de <strong>plazo a las empresas hasta el pr\u00f3ximo<\/strong> <strong>25 de mayo de 2018<\/strong> para realizar la adaptaci\u00f3n de sus procesos a la nueva normativa, la cual supone novedades importantes en el \u00e1rea de las nuevas tecnolog\u00edas, uso de internet, geolocalizaci\u00f3n, etc. Esto indudablemente va a dar lugar a cambios importantes en los procedimientos y en la operativa de las distintas organizaciones.<\/p>\n<p>Una de las principales novedades es la obligatoriedad de la mayor\u00eda de las empresas de nombrar o contratar un encargado de la Protecci\u00f3n de Datos (Data Protection Officer), que podr\u00e1 ser tanto un trabajador de la propia empresa como un externo, que se encargar\u00e1 de garantizar el cumplimiento de los requisitos exigidos, as\u00ed como de comunicar a las autoridades competentes las violaciones de la normativa de Protecci\u00f3n de Datos que se produzcan dentro de la empresa. Y es que esta es otra de las novedades que introduce el Reglamento y quiz\u00e1 una de las m\u00e1s pol\u00e9micas, puesto que las empresas ser\u00e1n las que tendr\u00e1n la obligaci\u00f3n de denunciar a la autoridad sus propias infracciones en un plazo de 72 horas.<\/p>\n<p>Adem\u00e1s, el Reglamento introduce nuevas exigencias en cuanto a la informaci\u00f3n que debe darse a los clientes y usuarios y al consentimiento otorgado por estos para el tratamiento de sus datos, as\u00ed como obligatoriedad de la realizaci\u00f3n de Evaluaciones de Impacto del procesamiento de datos (EIDP).<\/p>\n<p>Las <strong>sanciones<\/strong> por incumplimiento en esta materia se han visto fuertemente incrementadas estableci\u00e9ndose un r\u00e9gimen sancionador m\u00e1s severo que puede acarrear multas de<strong> hasta 20 millones de \u20ac o el 4% de la facturaci\u00f3n global anual, <\/strong>en los casos m\u00e1s graves.<\/p>\n<p>Lo que est\u00e1 claro es que el uso de las nuevas tecnolog\u00edas, la externalizaci\u00f3n de procesos y las nuevas formas de relacionarse con los consumidores y usuarios hac\u00edan necesaria una nueva legislaci\u00f3n que se adaptara a las necesidades de la realidad existente. Esta serie de medidas introducidas van a tener un gran impacto a nivel global en los procedimientos de las empresas, lo que hace imprescindible se adapten lo antes posible a las nuevas exigencias de la normativa europea.<\/p>\n<p>&nbsp;<\/p>\n","protected":false},"excerpt":{"rendered":"<p>El 25 de mayo de 2016 entr\u00f3 en vigor el nuevo Reglamento General de Protecci\u00f3n de Datos aprobado por el Parlamento Europeo y de obligado cumplimiento no s\u00f3lo para los<\/p>\n","protected":false},"author":1,"featured_media":12553,"comment_status":"closed","ping_status":"closed","sticky":false,"template":"","format":"standard","meta":{"footnotes":""},"categories":[129],"tags":[130,131,132,133,95,118],"class_list":["post-12592","post","type-post","status-publish","format-standard","has-post-thumbnail","hentry","category-mercantil-en","tag-corporate-compliance-en","tag-empresas-en","tag-europa-en","tag-mercantil-en","tag-proteccion-de-datos-en","tag-rgpd-en"],"yoast_head":"<!-- This site is optimized with the Yoast SEO plugin v27.5 - https:\/\/yoast.com\/product\/yoast-seo-wordpress\/ -->\n<title>Reglamento General Europeo de Protecci\u00f3n de Datos (RGPD): mayo de 2018, empieza la cuenta atr\u00e1s para las empresas - BGdB Abogados<\/title>\n<meta name=\"robots\" content=\"index, follow, max-snippet:-1, max-image-preview:large, max-video-preview:-1\" \/>\n<link rel=\"canonical\" href=\"https:\/\/www.bgdbabogados.com\/en\/reglamento-general-europeo-de-proteccion-de-datos-rgpd-mayo-de-2018-empieza-la-cuenta-atras-para-las-empresas\/\" \/>\n<meta property=\"og:locale\" content=\"en_US\" \/>\n<meta property=\"og:type\" content=\"article\" \/>\n<meta property=\"og:title\" content=\"Reglamento General Europeo de Protecci\u00f3n de Datos (RGPD): mayo de 2018, empieza la cuenta atr\u00e1s para las empresas - BGdB Abogados\" \/>\n<meta property=\"og:description\" content=\"El 25 de mayo de 2016 entr\u00f3 en vigor el nuevo Reglamento General de Protecci\u00f3n de Datos aprobado por el Parlamento Europeo y de obligado cumplimiento no s\u00f3lo para los\" \/>\n<meta property=\"og:url\" content=\"https:\/\/www.bgdbabogados.com\/en\/reglamento-general-europeo-de-proteccion-de-datos-rgpd-mayo-de-2018-empieza-la-cuenta-atras-para-las-empresas\/\" \/>\n<meta property=\"og:site_name\" content=\"BGdB Abogados\" \/>\n<meta property=\"article:published_time\" content=\"2018-01-10T14:26:25+00:00\" \/>\n<meta property=\"og:image\" content=\"https:\/\/www.bgdbabogados.com\/wp-content\/uploads\/2018\/01\/Articulo2.jpg\" \/>\n\t<meta property=\"og:image:width\" content=\"848\" \/>\n\t<meta property=\"og:image:height\" content=\"566\" \/>\n\t<meta property=\"og:image:type\" content=\"image\/jpeg\" \/>\n<meta name=\"author\" content=\"paula\" \/>\n<meta name=\"twitter:card\" content=\"summary_large_image\" \/>\n<meta name=\"twitter:creator\" content=\"@BGdB_abogados\" \/>\n<meta name=\"twitter:site\" content=\"@BGdB_abogados\" \/>\n<meta name=\"twitter:label1\" content=\"Written by\" \/>\n\t<meta name=\"twitter:data1\" content=\"paula\" \/>\n\t<meta name=\"twitter:label2\" content=\"Est. reading time\" \/>\n\t<meta name=\"twitter:data2\" content=\"3 minutes\" \/>\n<script type=\"application\/ld+json\" class=\"yoast-schema-graph\">{\"@context\":\"https:\\\/\\\/schema.org\",\"@graph\":[{\"@type\":\"Article\",\"@id\":\"https:\\\/\\\/www.bgdbabogados.com\\\/en\\\/reglamento-general-europeo-de-proteccion-de-datos-rgpd-mayo-de-2018-empieza-la-cuenta-atras-para-las-empresas\\\/#article\",\"isPartOf\":{\"@id\":\"https:\\\/\\\/www.bgdbabogados.com\\\/en\\\/reglamento-general-europeo-de-proteccion-de-datos-rgpd-mayo-de-2018-empieza-la-cuenta-atras-para-las-empresas\\\/\"},\"author\":{\"name\":\"paula\",\"@id\":\"https:\\\/\\\/www.bgdbabogados.com\\\/en\\\/#\\\/schema\\\/person\\\/0dbab62ea6f8e7c827672df3480c2169\"},\"headline\":\"Reglamento General Europeo de Protecci\u00f3n de Datos (RGPD): mayo de 2018, empieza la cuenta atr\u00e1s para las empresas\",\"datePublished\":\"2018-01-10T14:26:25+00:00\",\"mainEntityOfPage\":{\"@id\":\"https:\\\/\\\/www.bgdbabogados.com\\\/en\\\/reglamento-general-europeo-de-proteccion-de-datos-rgpd-mayo-de-2018-empieza-la-cuenta-atras-para-las-empresas\\\/\"},\"wordCount\":533,\"publisher\":{\"@id\":\"https:\\\/\\\/www.bgdbabogados.com\\\/en\\\/#organization\"},\"image\":{\"@id\":\"https:\\\/\\\/www.bgdbabogados.com\\\/en\\\/reglamento-general-europeo-de-proteccion-de-datos-rgpd-mayo-de-2018-empieza-la-cuenta-atras-para-las-empresas\\\/#primaryimage\"},\"thumbnailUrl\":\"https:\\\/\\\/www.bgdbabogados.com\\\/wp-content\\\/uploads\\\/2018\\\/01\\\/Articulo2.jpg\",\"keywords\":[\"Corporate Compliance\",\"empresas\",\"europa\",\"mercantil\",\"protecci\u00f3n de datos\",\"RGPD\"],\"articleSection\":[\"Mercantil\"],\"inLanguage\":\"en-US\"},{\"@type\":\"WebPage\",\"@id\":\"https:\\\/\\\/www.bgdbabogados.com\\\/en\\\/reglamento-general-europeo-de-proteccion-de-datos-rgpd-mayo-de-2018-empieza-la-cuenta-atras-para-las-empresas\\\/\",\"url\":\"https:\\\/\\\/www.bgdbabogados.com\\\/en\\\/reglamento-general-europeo-de-proteccion-de-datos-rgpd-mayo-de-2018-empieza-la-cuenta-atras-para-las-empresas\\\/\",\"name\":\"Reglamento General Europeo de Protecci\u00f3n de Datos (RGPD): mayo de 2018, empieza la cuenta atr\u00e1s para las empresas - BGdB Abogados\",\"isPartOf\":{\"@id\":\"https:\\\/\\\/www.bgdbabogados.com\\\/en\\\/#website\"},\"primaryImageOfPage\":{\"@id\":\"https:\\\/\\\/www.bgdbabogados.com\\\/en\\\/reglamento-general-europeo-de-proteccion-de-datos-rgpd-mayo-de-2018-empieza-la-cuenta-atras-para-las-empresas\\\/#primaryimage\"},\"image\":{\"@id\":\"https:\\\/\\\/www.bgdbabogados.com\\\/en\\\/reglamento-general-europeo-de-proteccion-de-datos-rgpd-mayo-de-2018-empieza-la-cuenta-atras-para-las-empresas\\\/#primaryimage\"},\"thumbnailUrl\":\"https:\\\/\\\/www.bgdbabogados.com\\\/wp-content\\\/uploads\\\/2018\\\/01\\\/Articulo2.jpg\",\"datePublished\":\"2018-01-10T14:26:25+00:00\",\"breadcrumb\":{\"@id\":\"https:\\\/\\\/www.bgdbabogados.com\\\/en\\\/reglamento-general-europeo-de-proteccion-de-datos-rgpd-mayo-de-2018-empieza-la-cuenta-atras-para-las-empresas\\\/#breadcrumb\"},\"inLanguage\":\"en-US\",\"potentialAction\":[{\"@type\":\"ReadAction\",\"target\":[\"https:\\\/\\\/www.bgdbabogados.com\\\/en\\\/reglamento-general-europeo-de-proteccion-de-datos-rgpd-mayo-de-2018-empieza-la-cuenta-atras-para-las-empresas\\\/\"]}]},{\"@type\":\"ImageObject\",\"inLanguage\":\"en-US\",\"@id\":\"https:\\\/\\\/www.bgdbabogados.com\\\/en\\\/reglamento-general-europeo-de-proteccion-de-datos-rgpd-mayo-de-2018-empieza-la-cuenta-atras-para-las-empresas\\\/#primaryimage\",\"url\":\"https:\\\/\\\/www.bgdbabogados.com\\\/wp-content\\\/uploads\\\/2018\\\/01\\\/Articulo2.jpg\",\"contentUrl\":\"https:\\\/\\\/www.bgdbabogados.com\\\/wp-content\\\/uploads\\\/2018\\\/01\\\/Articulo2.jpg\",\"width\":848,\"height\":566},{\"@type\":\"BreadcrumbList\",\"@id\":\"https:\\\/\\\/www.bgdbabogados.com\\\/en\\\/reglamento-general-europeo-de-proteccion-de-datos-rgpd-mayo-de-2018-empieza-la-cuenta-atras-para-las-empresas\\\/#breadcrumb\",\"itemListElement\":[{\"@type\":\"ListItem\",\"position\":1,\"name\":\"Portada\",\"item\":\"https:\\\/\\\/www.bgdbabogados.com\\\/en\\\/\"},{\"@type\":\"ListItem\",\"position\":2,\"name\":\"Reglamento General Europeo de Protecci\u00f3n de Datos (RGPD): mayo de 2018, empieza la cuenta atr\u00e1s para las empresas\"}]},{\"@type\":\"WebSite\",\"@id\":\"https:\\\/\\\/www.bgdbabogados.com\\\/en\\\/#website\",\"url\":\"https:\\\/\\\/www.bgdbabogados.com\\\/en\\\/\",\"name\":\"BGdB Abogados\",\"description\":\"Bufete Gimeno del Busto\",\"publisher\":{\"@id\":\"https:\\\/\\\/www.bgdbabogados.com\\\/en\\\/#organization\"},\"potentialAction\":[{\"@type\":\"SearchAction\",\"target\":{\"@type\":\"EntryPoint\",\"urlTemplate\":\"https:\\\/\\\/www.bgdbabogados.com\\\/en\\\/?s={search_term_string}\"},\"query-input\":{\"@type\":\"PropertyValueSpecification\",\"valueRequired\":true,\"valueName\":\"search_term_string\"}}],\"inLanguage\":\"en-US\"},{\"@type\":\"Organization\",\"@id\":\"https:\\\/\\\/www.bgdbabogados.com\\\/en\\\/#organization\",\"name\":\"BGdB Abogados\",\"url\":\"https:\\\/\\\/www.bgdbabogados.com\\\/en\\\/\",\"logo\":{\"@type\":\"ImageObject\",\"inLanguage\":\"en-US\",\"@id\":\"https:\\\/\\\/www.bgdbabogados.com\\\/en\\\/#\\\/schema\\\/logo\\\/image\\\/\",\"url\":\"https:\\\/\\\/www.bgdbabogados.com\\\/wp-content\\\/uploads\\\/2017\\\/06\\\/logo-dark-retina.png\",\"contentUrl\":\"https:\\\/\\\/www.bgdbabogados.com\\\/wp-content\\\/uploads\\\/2017\\\/06\\\/logo-dark-retina.png\",\"width\":273,\"height\":80,\"caption\":\"BGdB Abogados\"},\"image\":{\"@id\":\"https:\\\/\\\/www.bgdbabogados.com\\\/en\\\/#\\\/schema\\\/logo\\\/image\\\/\"},\"sameAs\":[\"https:\\\/\\\/x.com\\\/BGdB_abogados\",\"https:\\\/\\\/www.linkedin.com\\\/company\\\/bufete-gimeno-del-busto\\\/\"]},{\"@type\":\"Person\",\"@id\":\"https:\\\/\\\/www.bgdbabogados.com\\\/en\\\/#\\\/schema\\\/person\\\/0dbab62ea6f8e7c827672df3480c2169\",\"name\":\"paula\",\"image\":{\"@type\":\"ImageObject\",\"inLanguage\":\"en-US\",\"@id\":\"https:\\\/\\\/secure.gravatar.com\\\/avatar\\\/e7388c070f0a6df2e711c24458166ea4714a0432f336ea0d5adebce5b1ad0b64?s=96&d=mm&r=g\",\"url\":\"https:\\\/\\\/secure.gravatar.com\\\/avatar\\\/e7388c070f0a6df2e711c24458166ea4714a0432f336ea0d5adebce5b1ad0b64?s=96&d=mm&r=g\",\"contentUrl\":\"https:\\\/\\\/secure.gravatar.com\\\/avatar\\\/e7388c070f0a6df2e711c24458166ea4714a0432f336ea0d5adebce5b1ad0b64?s=96&d=mm&r=g\",\"caption\":\"paula\"}}]}<\/script>\n<!-- \/ Yoast SEO plugin. -->","yoast_head_json":{"title":"Reglamento General Europeo de Protecci\u00f3n de Datos (RGPD): mayo de 2018, empieza la cuenta atr\u00e1s para las empresas - BGdB Abogados","robots":{"index":"index","follow":"follow","max-snippet":"max-snippet:-1","max-image-preview":"max-image-preview:large","max-video-preview":"max-video-preview:-1"},"canonical":"https:\/\/www.bgdbabogados.com\/en\/reglamento-general-europeo-de-proteccion-de-datos-rgpd-mayo-de-2018-empieza-la-cuenta-atras-para-las-empresas\/","og_locale":"en_US","og_type":"article","og_title":"Reglamento General Europeo de Protecci\u00f3n de Datos (RGPD): mayo de 2018, empieza la cuenta atr\u00e1s para las empresas - BGdB Abogados","og_description":"El 25 de mayo de 2016 entr\u00f3 en vigor el nuevo Reglamento General de Protecci\u00f3n de Datos aprobado por el Parlamento Europeo y de obligado cumplimiento no s\u00f3lo para los","og_url":"https:\/\/www.bgdbabogados.com\/en\/reglamento-general-europeo-de-proteccion-de-datos-rgpd-mayo-de-2018-empieza-la-cuenta-atras-para-las-empresas\/","og_site_name":"BGdB Abogados","article_published_time":"2018-01-10T14:26:25+00:00","og_image":[{"width":848,"height":566,"url":"https:\/\/www.bgdbabogados.com\/wp-content\/uploads\/2018\/01\/Articulo2.jpg","type":"image\/jpeg"}],"author":"paula","twitter_card":"summary_large_image","twitter_creator":"@BGdB_abogados","twitter_site":"@BGdB_abogados","twitter_misc":{"Written by":"paula","Est. reading time":"3 minutes"},"schema":{"@context":"https:\/\/schema.org","@graph":[{"@type":"Article","@id":"https:\/\/www.bgdbabogados.com\/en\/reglamento-general-europeo-de-proteccion-de-datos-rgpd-mayo-de-2018-empieza-la-cuenta-atras-para-las-empresas\/#article","isPartOf":{"@id":"https:\/\/www.bgdbabogados.com\/en\/reglamento-general-europeo-de-proteccion-de-datos-rgpd-mayo-de-2018-empieza-la-cuenta-atras-para-las-empresas\/"},"author":{"name":"paula","@id":"https:\/\/www.bgdbabogados.com\/en\/#\/schema\/person\/0dbab62ea6f8e7c827672df3480c2169"},"headline":"Reglamento General Europeo de Protecci\u00f3n de Datos (RGPD): mayo de 2018, empieza la cuenta atr\u00e1s para las empresas","datePublished":"2018-01-10T14:26:25+00:00","mainEntityOfPage":{"@id":"https:\/\/www.bgdbabogados.com\/en\/reglamento-general-europeo-de-proteccion-de-datos-rgpd-mayo-de-2018-empieza-la-cuenta-atras-para-las-empresas\/"},"wordCount":533,"publisher":{"@id":"https:\/\/www.bgdbabogados.com\/en\/#organization"},"image":{"@id":"https:\/\/www.bgdbabogados.com\/en\/reglamento-general-europeo-de-proteccion-de-datos-rgpd-mayo-de-2018-empieza-la-cuenta-atras-para-las-empresas\/#primaryimage"},"thumbnailUrl":"https:\/\/www.bgdbabogados.com\/wp-content\/uploads\/2018\/01\/Articulo2.jpg","keywords":["Corporate Compliance","empresas","europa","mercantil","protecci\u00f3n de datos","RGPD"],"articleSection":["Mercantil"],"inLanguage":"en-US"},{"@type":"WebPage","@id":"https:\/\/www.bgdbabogados.com\/en\/reglamento-general-europeo-de-proteccion-de-datos-rgpd-mayo-de-2018-empieza-la-cuenta-atras-para-las-empresas\/","url":"https:\/\/www.bgdbabogados.com\/en\/reglamento-general-europeo-de-proteccion-de-datos-rgpd-mayo-de-2018-empieza-la-cuenta-atras-para-las-empresas\/","name":"Reglamento General Europeo de Protecci\u00f3n de Datos (RGPD): mayo de 2018, empieza la cuenta atr\u00e1s para las empresas - BGdB Abogados","isPartOf":{"@id":"https:\/\/www.bgdbabogados.com\/en\/#website"},"primaryImageOfPage":{"@id":"https:\/\/www.bgdbabogados.com\/en\/reglamento-general-europeo-de-proteccion-de-datos-rgpd-mayo-de-2018-empieza-la-cuenta-atras-para-las-empresas\/#primaryimage"},"image":{"@id":"https:\/\/www.bgdbabogados.com\/en\/reglamento-general-europeo-de-proteccion-de-datos-rgpd-mayo-de-2018-empieza-la-cuenta-atras-para-las-empresas\/#primaryimage"},"thumbnailUrl":"https:\/\/www.bgdbabogados.com\/wp-content\/uploads\/2018\/01\/Articulo2.jpg","datePublished":"2018-01-10T14:26:25+00:00","breadcrumb":{"@id":"https:\/\/www.bgdbabogados.com\/en\/reglamento-general-europeo-de-proteccion-de-datos-rgpd-mayo-de-2018-empieza-la-cuenta-atras-para-las-empresas\/#breadcrumb"},"inLanguage":"en-US","potentialAction":[{"@type":"ReadAction","target":["https:\/\/www.bgdbabogados.com\/en\/reglamento-general-europeo-de-proteccion-de-datos-rgpd-mayo-de-2018-empieza-la-cuenta-atras-para-las-empresas\/"]}]},{"@type":"ImageObject","inLanguage":"en-US","@id":"https:\/\/www.bgdbabogados.com\/en\/reglamento-general-europeo-de-proteccion-de-datos-rgpd-mayo-de-2018-empieza-la-cuenta-atras-para-las-empresas\/#primaryimage","url":"https:\/\/www.bgdbabogados.com\/wp-content\/uploads\/2018\/01\/Articulo2.jpg","contentUrl":"https:\/\/www.bgdbabogados.com\/wp-content\/uploads\/2018\/01\/Articulo2.jpg","width":848,"height":566},{"@type":"BreadcrumbList","@id":"https:\/\/www.bgdbabogados.com\/en\/reglamento-general-europeo-de-proteccion-de-datos-rgpd-mayo-de-2018-empieza-la-cuenta-atras-para-las-empresas\/#breadcrumb","itemListElement":[{"@type":"ListItem","position":1,"name":"Portada","item":"https:\/\/www.bgdbabogados.com\/en\/"},{"@type":"ListItem","position":2,"name":"Reglamento General Europeo de Protecci\u00f3n de Datos (RGPD): mayo de 2018, empieza la cuenta atr\u00e1s para las empresas"}]},{"@type":"WebSite","@id":"https:\/\/www.bgdbabogados.com\/en\/#website","url":"https:\/\/www.bgdbabogados.com\/en\/","name":"BGdB Abogados","description":"Bufete Gimeno del Busto","publisher":{"@id":"https:\/\/www.bgdbabogados.com\/en\/#organization"},"potentialAction":[{"@type":"SearchAction","target":{"@type":"EntryPoint","urlTemplate":"https:\/\/www.bgdbabogados.com\/en\/?s={search_term_string}"},"query-input":{"@type":"PropertyValueSpecification","valueRequired":true,"valueName":"search_term_string"}}],"inLanguage":"en-US"},{"@type":"Organization","@id":"https:\/\/www.bgdbabogados.com\/en\/#organization","name":"BGdB Abogados","url":"https:\/\/www.bgdbabogados.com\/en\/","logo":{"@type":"ImageObject","inLanguage":"en-US","@id":"https:\/\/www.bgdbabogados.com\/en\/#\/schema\/logo\/image\/","url":"https:\/\/www.bgdbabogados.com\/wp-content\/uploads\/2017\/06\/logo-dark-retina.png","contentUrl":"https:\/\/www.bgdbabogados.com\/wp-content\/uploads\/2017\/06\/logo-dark-retina.png","width":273,"height":80,"caption":"BGdB Abogados"},"image":{"@id":"https:\/\/www.bgdbabogados.com\/en\/#\/schema\/logo\/image\/"},"sameAs":["https:\/\/x.com\/BGdB_abogados","https:\/\/www.linkedin.com\/company\/bufete-gimeno-del-busto\/"]},{"@type":"Person","@id":"https:\/\/www.bgdbabogados.com\/en\/#\/schema\/person\/0dbab62ea6f8e7c827672df3480c2169","name":"paula","image":{"@type":"ImageObject","inLanguage":"en-US","@id":"https:\/\/secure.gravatar.com\/avatar\/e7388c070f0a6df2e711c24458166ea4714a0432f336ea0d5adebce5b1ad0b64?s=96&d=mm&r=g","url":"https:\/\/secure.gravatar.com\/avatar\/e7388c070f0a6df2e711c24458166ea4714a0432f336ea0d5adebce5b1ad0b64?s=96&d=mm&r=g","contentUrl":"https:\/\/secure.gravatar.com\/avatar\/e7388c070f0a6df2e711c24458166ea4714a0432f336ea0d5adebce5b1ad0b64?s=96&d=mm&r=g","caption":"paula"}}]}},"_links":{"self":[{"href":"https:\/\/www.bgdbabogados.com\/en\/wp-json\/wp\/v2\/posts\/12592","targetHints":{"allow":["GET"]}}],"collection":[{"href":"https:\/\/www.bgdbabogados.com\/en\/wp-json\/wp\/v2\/posts"}],"about":[{"href":"https:\/\/www.bgdbabogados.com\/en\/wp-json\/wp\/v2\/types\/post"}],"author":[{"embeddable":true,"href":"https:\/\/www.bgdbabogados.com\/en\/wp-json\/wp\/v2\/users\/1"}],"replies":[{"embeddable":true,"href":"https:\/\/www.bgdbabogados.com\/en\/wp-json\/wp\/v2\/comments?post=12592"}],"version-history":[{"count":0,"href":"https:\/\/www.bgdbabogados.com\/en\/wp-json\/wp\/v2\/posts\/12592\/revisions"}],"wp:featuredmedia":[{"embeddable":true,"href":"https:\/\/www.bgdbabogados.com\/en\/wp-json\/wp\/v2\/media\/12553"}],"wp:attachment":[{"href":"https:\/\/www.bgdbabogados.com\/en\/wp-json\/wp\/v2\/media?parent=12592"}],"wp:term":[{"taxonomy":"category","embeddable":true,"href":"https:\/\/www.bgdbabogados.com\/en\/wp-json\/wp\/v2\/categories?post=12592"},{"taxonomy":"post_tag","embeddable":true,"href":"https:\/\/www.bgdbabogados.com\/en\/wp-json\/wp\/v2\/tags?post=12592"}],"curies":[{"name":"wp","href":"https:\/\/api.w.org\/{rel}","templated":true}]}}