{"id":12593,"date":"2017-11-21T14:09:09","date_gmt":"2017-11-21T13:09:09","guid":{"rendered":"http:\/\/www.bgdbabogados.com\/la-figura-del-compliance-y-la-responsabilidad-penal-de-las-personas-juridicas\/"},"modified":"2017-11-21T14:09:09","modified_gmt":"2017-11-21T13:09:09","slug":"la-figura-del-compliance-y-la-responsabilidad-penal-de-las-personas-juridicas","status":"publish","type":"post","link":"https:\/\/www.bgdbabogados.com\/en\/la-figura-del-compliance-y-la-responsabilidad-penal-de-las-personas-juridicas\/","title":{"rendered":"La Figura del Compliance y la Responsabilidad Penal de las Personas Jur\u00eddicas"},"content":{"rendered":"<p>Hasta la reforma del a\u00f1o 2010 del C\u00f3digo Penal espa\u00f1ol, las personas jur\u00eddicas carec\u00edan de Responsabilidad penal, puesto que s\u00f3lo las personas f\u00edsicas ten\u00edan capacidad de cometer actos il\u00edcitos penales. Dicha reforma y la del a\u00f1o 2015, introducen la posibilidad de que a las sociedades se les pueda exigir responsabilidad por los actos que cometan las personas que las integran, cuando dicho acto haya repercutido en beneficio de la sociedad. No obstante, el legislador ha articulado un mecanismo de protecci\u00f3n para las personas jur\u00eddicas que puede hacer valer en un proceso judicial para exonerar, o atenuar, la responsabilidad de las mismas por los actos cometidos por sus empleados.<\/p>\n<p>Ah\u00ed surge la figura del Compliance o Plan de cumplimiento normativo. Es decir, si la sociedad demuestra en el proceso judicial que ha implementado un eficaz y eficiente Plan de Prevenci\u00f3n de delitos, con unos determinados requisitos, el juez puede atenuar las penas que establece el C\u00f3digo penal para las sociedades infractoras, que van desde multas coercitivas hasta la extinci\u00f3n de la persona jur\u00eddica, o incluso, llegar a eximirle de las mismas.<\/p>\n<p>Es por ello, que en los \u00faltimos tiempos se ha venido observando un <em>boom<\/em> de despachos y operadores jur\u00eddicos que ofertan el servicio de implantaci\u00f3n de estos Planes de prevenci\u00f3n penal a las empresas.<\/p>\n<p>Pero no el hecho de contar con un Plan de prevenci\u00f3n va a servir de salvoconducto a la empresa para eximirle de responsabilidad ante un delito. Dicho plan tiene que contar con unas caracter\u00edsticas espec\u00edficas que se han ido desarrollando a ra\u00edz de la Circular de la Fiscal\u00eda General del Estado y las Sentencias dictadas por la Sala 2\u00aa del Tribunal Supremo, como la STS 154\/2016 de 29 de febrero y la STS 221\/2016 de 16 de marzo, que hagan que en el Juzgador se forme la convicci\u00f3n de que la empresa ha realizado todas las acciones posibles tendentes a la evitabilidad del delito.<\/p>\n<p>En Bufete Gimeno del Busto contamos con amplia experiencia en la implantaci\u00f3n de estos sistemas de prevenci\u00f3n a partir de un exhaustivo an\u00e1lisis del mapa de riesgos de la empresa y que, las sociedades pueden aprovechar no s\u00f3lo para eludir responsabilidades penales sino tambi\u00e9n para afianzar sus procesos de calidad y crear una aut\u00e9ntica cultura de \u00e9tica empresarial y Responsabilidad Social Corporativa.<\/p>\n<p>&nbsp;<\/p>\n","protected":false},"excerpt":{"rendered":"<p>Hasta la reforma del a\u00f1o 2010 del C\u00f3digo Penal espa\u00f1ol, las personas jur\u00eddicas carec\u00edan de Responsabilidad penal, puesto que s\u00f3lo las personas f\u00edsicas ten\u00edan capacidad de cometer actos il\u00edcitos penales.<\/p>\n","protected":false},"author":1,"featured_media":12553,"comment_status":"closed","ping_status":"closed","sticky":false,"template":"","format":"standard","meta":{"footnotes":""},"categories":[96],"tags":[134,135,136],"class_list":["post-12593","post","type-post","status-publish","format-standard","has-post-thumbnail","hentry","category-penal-en","tag-compliance-en","tag-cumplimiento-legal-en","tag-prevencion-penal-en"],"yoast_head":"<!-- This site is optimized with the Yoast SEO plugin v27.5 - https:\/\/yoast.com\/product\/yoast-seo-wordpress\/ -->\n<title>La Figura del Compliance y la Responsabilidad Penal de las Personas Jur\u00eddicas - BGdB Abogados<\/title>\n<meta name=\"robots\" content=\"index, follow, max-snippet:-1, max-image-preview:large, max-video-preview:-1\" \/>\n<link rel=\"canonical\" href=\"https:\/\/www.bgdbabogados.com\/en\/la-figura-del-compliance-y-la-responsabilidad-penal-de-las-personas-juridicas\/\" \/>\n<meta property=\"og:locale\" content=\"en_US\" \/>\n<meta property=\"og:type\" content=\"article\" \/>\n<meta property=\"og:title\" content=\"La Figura del Compliance y la Responsabilidad Penal de las Personas Jur\u00eddicas - BGdB Abogados\" \/>\n<meta property=\"og:description\" content=\"Hasta la reforma del a\u00f1o 2010 del C\u00f3digo Penal espa\u00f1ol, las personas jur\u00eddicas carec\u00edan de Responsabilidad penal, puesto que s\u00f3lo las personas f\u00edsicas ten\u00edan capacidad de cometer actos il\u00edcitos penales.\" \/>\n<meta property=\"og:url\" content=\"https:\/\/www.bgdbabogados.com\/en\/la-figura-del-compliance-y-la-responsabilidad-penal-de-las-personas-juridicas\/\" \/>\n<meta property=\"og:site_name\" content=\"BGdB Abogados\" \/>\n<meta property=\"article:published_time\" content=\"2017-11-21T13:09:09+00:00\" \/>\n<meta property=\"og:image\" content=\"https:\/\/www.bgdbabogados.com\/wp-content\/uploads\/2018\/01\/Articulo2.jpg\" \/>\n\t<meta property=\"og:image:width\" content=\"848\" \/>\n\t<meta property=\"og:image:height\" content=\"566\" \/>\n\t<meta property=\"og:image:type\" content=\"image\/jpeg\" \/>\n<meta name=\"author\" content=\"paula\" \/>\n<meta name=\"twitter:card\" content=\"summary_large_image\" \/>\n<meta name=\"twitter:creator\" content=\"@BGdB_abogados\" \/>\n<meta name=\"twitter:site\" content=\"@BGdB_abogados\" \/>\n<meta name=\"twitter:label1\" content=\"Written by\" \/>\n\t<meta name=\"twitter:data1\" content=\"paula\" \/>\n\t<meta name=\"twitter:label2\" content=\"Est. reading time\" \/>\n\t<meta name=\"twitter:data2\" content=\"2 minutes\" \/>\n<script type=\"application\/ld+json\" class=\"yoast-schema-graph\">{\"@context\":\"https:\\\/\\\/schema.org\",\"@graph\":[{\"@type\":\"Article\",\"@id\":\"https:\\\/\\\/www.bgdbabogados.com\\\/en\\\/la-figura-del-compliance-y-la-responsabilidad-penal-de-las-personas-juridicas\\\/#article\",\"isPartOf\":{\"@id\":\"https:\\\/\\\/www.bgdbabogados.com\\\/en\\\/la-figura-del-compliance-y-la-responsabilidad-penal-de-las-personas-juridicas\\\/\"},\"author\":{\"name\":\"paula\",\"@id\":\"https:\\\/\\\/www.bgdbabogados.com\\\/en\\\/#\\\/schema\\\/person\\\/0dbab62ea6f8e7c827672df3480c2169\"},\"headline\":\"La Figura del Compliance y la Responsabilidad Penal de las Personas Jur\u00eddicas\",\"datePublished\":\"2017-11-21T13:09:09+00:00\",\"mainEntityOfPage\":{\"@id\":\"https:\\\/\\\/www.bgdbabogados.com\\\/en\\\/la-figura-del-compliance-y-la-responsabilidad-penal-de-las-personas-juridicas\\\/\"},\"wordCount\":418,\"publisher\":{\"@id\":\"https:\\\/\\\/www.bgdbabogados.com\\\/en\\\/#organization\"},\"image\":{\"@id\":\"https:\\\/\\\/www.bgdbabogados.com\\\/en\\\/la-figura-del-compliance-y-la-responsabilidad-penal-de-las-personas-juridicas\\\/#primaryimage\"},\"thumbnailUrl\":\"https:\\\/\\\/www.bgdbabogados.com\\\/wp-content\\\/uploads\\\/2018\\\/01\\\/Articulo2.jpg\",\"keywords\":[\"Compliance\",\"cumplimiento legal\",\"prevenci\u00f3n penal\"],\"articleSection\":[\"Penal\"],\"inLanguage\":\"en-US\"},{\"@type\":\"WebPage\",\"@id\":\"https:\\\/\\\/www.bgdbabogados.com\\\/en\\\/la-figura-del-compliance-y-la-responsabilidad-penal-de-las-personas-juridicas\\\/\",\"url\":\"https:\\\/\\\/www.bgdbabogados.com\\\/en\\\/la-figura-del-compliance-y-la-responsabilidad-penal-de-las-personas-juridicas\\\/\",\"name\":\"La Figura del Compliance y la Responsabilidad Penal de las Personas Jur\u00eddicas - BGdB Abogados\",\"isPartOf\":{\"@id\":\"https:\\\/\\\/www.bgdbabogados.com\\\/en\\\/#website\"},\"primaryImageOfPage\":{\"@id\":\"https:\\\/\\\/www.bgdbabogados.com\\\/en\\\/la-figura-del-compliance-y-la-responsabilidad-penal-de-las-personas-juridicas\\\/#primaryimage\"},\"image\":{\"@id\":\"https:\\\/\\\/www.bgdbabogados.com\\\/en\\\/la-figura-del-compliance-y-la-responsabilidad-penal-de-las-personas-juridicas\\\/#primaryimage\"},\"thumbnailUrl\":\"https:\\\/\\\/www.bgdbabogados.com\\\/wp-content\\\/uploads\\\/2018\\\/01\\\/Articulo2.jpg\",\"datePublished\":\"2017-11-21T13:09:09+00:00\",\"breadcrumb\":{\"@id\":\"https:\\\/\\\/www.bgdbabogados.com\\\/en\\\/la-figura-del-compliance-y-la-responsabilidad-penal-de-las-personas-juridicas\\\/#breadcrumb\"},\"inLanguage\":\"en-US\",\"potentialAction\":[{\"@type\":\"ReadAction\",\"target\":[\"https:\\\/\\\/www.bgdbabogados.com\\\/en\\\/la-figura-del-compliance-y-la-responsabilidad-penal-de-las-personas-juridicas\\\/\"]}]},{\"@type\":\"ImageObject\",\"inLanguage\":\"en-US\",\"@id\":\"https:\\\/\\\/www.bgdbabogados.com\\\/en\\\/la-figura-del-compliance-y-la-responsabilidad-penal-de-las-personas-juridicas\\\/#primaryimage\",\"url\":\"https:\\\/\\\/www.bgdbabogados.com\\\/wp-content\\\/uploads\\\/2018\\\/01\\\/Articulo2.jpg\",\"contentUrl\":\"https:\\\/\\\/www.bgdbabogados.com\\\/wp-content\\\/uploads\\\/2018\\\/01\\\/Articulo2.jpg\",\"width\":848,\"height\":566},{\"@type\":\"BreadcrumbList\",\"@id\":\"https:\\\/\\\/www.bgdbabogados.com\\\/en\\\/la-figura-del-compliance-y-la-responsabilidad-penal-de-las-personas-juridicas\\\/#breadcrumb\",\"itemListElement\":[{\"@type\":\"ListItem\",\"position\":1,\"name\":\"Portada\",\"item\":\"https:\\\/\\\/www.bgdbabogados.com\\\/en\\\/\"},{\"@type\":\"ListItem\",\"position\":2,\"name\":\"La Figura del Compliance y la Responsabilidad Penal de las Personas Jur\u00eddicas\"}]},{\"@type\":\"WebSite\",\"@id\":\"https:\\\/\\\/www.bgdbabogados.com\\\/en\\\/#website\",\"url\":\"https:\\\/\\\/www.bgdbabogados.com\\\/en\\\/\",\"name\":\"BGdB Abogados\",\"description\":\"Bufete Gimeno del Busto\",\"publisher\":{\"@id\":\"https:\\\/\\\/www.bgdbabogados.com\\\/en\\\/#organization\"},\"potentialAction\":[{\"@type\":\"SearchAction\",\"target\":{\"@type\":\"EntryPoint\",\"urlTemplate\":\"https:\\\/\\\/www.bgdbabogados.com\\\/en\\\/?s={search_term_string}\"},\"query-input\":{\"@type\":\"PropertyValueSpecification\",\"valueRequired\":true,\"valueName\":\"search_term_string\"}}],\"inLanguage\":\"en-US\"},{\"@type\":\"Organization\",\"@id\":\"https:\\\/\\\/www.bgdbabogados.com\\\/en\\\/#organization\",\"name\":\"BGdB Abogados\",\"url\":\"https:\\\/\\\/www.bgdbabogados.com\\\/en\\\/\",\"logo\":{\"@type\":\"ImageObject\",\"inLanguage\":\"en-US\",\"@id\":\"https:\\\/\\\/www.bgdbabogados.com\\\/en\\\/#\\\/schema\\\/logo\\\/image\\\/\",\"url\":\"https:\\\/\\\/www.bgdbabogados.com\\\/wp-content\\\/uploads\\\/2017\\\/06\\\/logo-dark-retina.png\",\"contentUrl\":\"https:\\\/\\\/www.bgdbabogados.com\\\/wp-content\\\/uploads\\\/2017\\\/06\\\/logo-dark-retina.png\",\"width\":273,\"height\":80,\"caption\":\"BGdB Abogados\"},\"image\":{\"@id\":\"https:\\\/\\\/www.bgdbabogados.com\\\/en\\\/#\\\/schema\\\/logo\\\/image\\\/\"},\"sameAs\":[\"https:\\\/\\\/x.com\\\/BGdB_abogados\",\"https:\\\/\\\/www.linkedin.com\\\/company\\\/bufete-gimeno-del-busto\\\/\"]},{\"@type\":\"Person\",\"@id\":\"https:\\\/\\\/www.bgdbabogados.com\\\/en\\\/#\\\/schema\\\/person\\\/0dbab62ea6f8e7c827672df3480c2169\",\"name\":\"paula\",\"image\":{\"@type\":\"ImageObject\",\"inLanguage\":\"en-US\",\"@id\":\"https:\\\/\\\/secure.gravatar.com\\\/avatar\\\/e7388c070f0a6df2e711c24458166ea4714a0432f336ea0d5adebce5b1ad0b64?s=96&d=mm&r=g\",\"url\":\"https:\\\/\\\/secure.gravatar.com\\\/avatar\\\/e7388c070f0a6df2e711c24458166ea4714a0432f336ea0d5adebce5b1ad0b64?s=96&d=mm&r=g\",\"contentUrl\":\"https:\\\/\\\/secure.gravatar.com\\\/avatar\\\/e7388c070f0a6df2e711c24458166ea4714a0432f336ea0d5adebce5b1ad0b64?s=96&d=mm&r=g\",\"caption\":\"paula\"}}]}<\/script>\n<!-- \/ Yoast SEO plugin. -->","yoast_head_json":{"title":"La Figura del Compliance y la Responsabilidad Penal de las Personas Jur\u00eddicas - BGdB Abogados","robots":{"index":"index","follow":"follow","max-snippet":"max-snippet:-1","max-image-preview":"max-image-preview:large","max-video-preview":"max-video-preview:-1"},"canonical":"https:\/\/www.bgdbabogados.com\/en\/la-figura-del-compliance-y-la-responsabilidad-penal-de-las-personas-juridicas\/","og_locale":"en_US","og_type":"article","og_title":"La Figura del Compliance y la Responsabilidad Penal de las Personas Jur\u00eddicas - BGdB Abogados","og_description":"Hasta la reforma del a\u00f1o 2010 del C\u00f3digo Penal espa\u00f1ol, las personas jur\u00eddicas carec\u00edan de Responsabilidad penal, puesto que s\u00f3lo las personas f\u00edsicas ten\u00edan capacidad de cometer actos il\u00edcitos penales.","og_url":"https:\/\/www.bgdbabogados.com\/en\/la-figura-del-compliance-y-la-responsabilidad-penal-de-las-personas-juridicas\/","og_site_name":"BGdB Abogados","article_published_time":"2017-11-21T13:09:09+00:00","og_image":[{"width":848,"height":566,"url":"https:\/\/www.bgdbabogados.com\/wp-content\/uploads\/2018\/01\/Articulo2.jpg","type":"image\/jpeg"}],"author":"paula","twitter_card":"summary_large_image","twitter_creator":"@BGdB_abogados","twitter_site":"@BGdB_abogados","twitter_misc":{"Written by":"paula","Est. reading time":"2 minutes"},"schema":{"@context":"https:\/\/schema.org","@graph":[{"@type":"Article","@id":"https:\/\/www.bgdbabogados.com\/en\/la-figura-del-compliance-y-la-responsabilidad-penal-de-las-personas-juridicas\/#article","isPartOf":{"@id":"https:\/\/www.bgdbabogados.com\/en\/la-figura-del-compliance-y-la-responsabilidad-penal-de-las-personas-juridicas\/"},"author":{"name":"paula","@id":"https:\/\/www.bgdbabogados.com\/en\/#\/schema\/person\/0dbab62ea6f8e7c827672df3480c2169"},"headline":"La Figura del Compliance y la Responsabilidad Penal de las Personas Jur\u00eddicas","datePublished":"2017-11-21T13:09:09+00:00","mainEntityOfPage":{"@id":"https:\/\/www.bgdbabogados.com\/en\/la-figura-del-compliance-y-la-responsabilidad-penal-de-las-personas-juridicas\/"},"wordCount":418,"publisher":{"@id":"https:\/\/www.bgdbabogados.com\/en\/#organization"},"image":{"@id":"https:\/\/www.bgdbabogados.com\/en\/la-figura-del-compliance-y-la-responsabilidad-penal-de-las-personas-juridicas\/#primaryimage"},"thumbnailUrl":"https:\/\/www.bgdbabogados.com\/wp-content\/uploads\/2018\/01\/Articulo2.jpg","keywords":["Compliance","cumplimiento legal","prevenci\u00f3n penal"],"articleSection":["Penal"],"inLanguage":"en-US"},{"@type":"WebPage","@id":"https:\/\/www.bgdbabogados.com\/en\/la-figura-del-compliance-y-la-responsabilidad-penal-de-las-personas-juridicas\/","url":"https:\/\/www.bgdbabogados.com\/en\/la-figura-del-compliance-y-la-responsabilidad-penal-de-las-personas-juridicas\/","name":"La Figura del Compliance y la Responsabilidad Penal de las Personas Jur\u00eddicas - BGdB Abogados","isPartOf":{"@id":"https:\/\/www.bgdbabogados.com\/en\/#website"},"primaryImageOfPage":{"@id":"https:\/\/www.bgdbabogados.com\/en\/la-figura-del-compliance-y-la-responsabilidad-penal-de-las-personas-juridicas\/#primaryimage"},"image":{"@id":"https:\/\/www.bgdbabogados.com\/en\/la-figura-del-compliance-y-la-responsabilidad-penal-de-las-personas-juridicas\/#primaryimage"},"thumbnailUrl":"https:\/\/www.bgdbabogados.com\/wp-content\/uploads\/2018\/01\/Articulo2.jpg","datePublished":"2017-11-21T13:09:09+00:00","breadcrumb":{"@id":"https:\/\/www.bgdbabogados.com\/en\/la-figura-del-compliance-y-la-responsabilidad-penal-de-las-personas-juridicas\/#breadcrumb"},"inLanguage":"en-US","potentialAction":[{"@type":"ReadAction","target":["https:\/\/www.bgdbabogados.com\/en\/la-figura-del-compliance-y-la-responsabilidad-penal-de-las-personas-juridicas\/"]}]},{"@type":"ImageObject","inLanguage":"en-US","@id":"https:\/\/www.bgdbabogados.com\/en\/la-figura-del-compliance-y-la-responsabilidad-penal-de-las-personas-juridicas\/#primaryimage","url":"https:\/\/www.bgdbabogados.com\/wp-content\/uploads\/2018\/01\/Articulo2.jpg","contentUrl":"https:\/\/www.bgdbabogados.com\/wp-content\/uploads\/2018\/01\/Articulo2.jpg","width":848,"height":566},{"@type":"BreadcrumbList","@id":"https:\/\/www.bgdbabogados.com\/en\/la-figura-del-compliance-y-la-responsabilidad-penal-de-las-personas-juridicas\/#breadcrumb","itemListElement":[{"@type":"ListItem","position":1,"name":"Portada","item":"https:\/\/www.bgdbabogados.com\/en\/"},{"@type":"ListItem","position":2,"name":"La Figura del Compliance y la Responsabilidad Penal de las Personas Jur\u00eddicas"}]},{"@type":"WebSite","@id":"https:\/\/www.bgdbabogados.com\/en\/#website","url":"https:\/\/www.bgdbabogados.com\/en\/","name":"BGdB Abogados","description":"Bufete Gimeno del Busto","publisher":{"@id":"https:\/\/www.bgdbabogados.com\/en\/#organization"},"potentialAction":[{"@type":"SearchAction","target":{"@type":"EntryPoint","urlTemplate":"https:\/\/www.bgdbabogados.com\/en\/?s={search_term_string}"},"query-input":{"@type":"PropertyValueSpecification","valueRequired":true,"valueName":"search_term_string"}}],"inLanguage":"en-US"},{"@type":"Organization","@id":"https:\/\/www.bgdbabogados.com\/en\/#organization","name":"BGdB Abogados","url":"https:\/\/www.bgdbabogados.com\/en\/","logo":{"@type":"ImageObject","inLanguage":"en-US","@id":"https:\/\/www.bgdbabogados.com\/en\/#\/schema\/logo\/image\/","url":"https:\/\/www.bgdbabogados.com\/wp-content\/uploads\/2017\/06\/logo-dark-retina.png","contentUrl":"https:\/\/www.bgdbabogados.com\/wp-content\/uploads\/2017\/06\/logo-dark-retina.png","width":273,"height":80,"caption":"BGdB Abogados"},"image":{"@id":"https:\/\/www.bgdbabogados.com\/en\/#\/schema\/logo\/image\/"},"sameAs":["https:\/\/x.com\/BGdB_abogados","https:\/\/www.linkedin.com\/company\/bufete-gimeno-del-busto\/"]},{"@type":"Person","@id":"https:\/\/www.bgdbabogados.com\/en\/#\/schema\/person\/0dbab62ea6f8e7c827672df3480c2169","name":"paula","image":{"@type":"ImageObject","inLanguage":"en-US","@id":"https:\/\/secure.gravatar.com\/avatar\/e7388c070f0a6df2e711c24458166ea4714a0432f336ea0d5adebce5b1ad0b64?s=96&d=mm&r=g","url":"https:\/\/secure.gravatar.com\/avatar\/e7388c070f0a6df2e711c24458166ea4714a0432f336ea0d5adebce5b1ad0b64?s=96&d=mm&r=g","contentUrl":"https:\/\/secure.gravatar.com\/avatar\/e7388c070f0a6df2e711c24458166ea4714a0432f336ea0d5adebce5b1ad0b64?s=96&d=mm&r=g","caption":"paula"}}]}},"_links":{"self":[{"href":"https:\/\/www.bgdbabogados.com\/en\/wp-json\/wp\/v2\/posts\/12593","targetHints":{"allow":["GET"]}}],"collection":[{"href":"https:\/\/www.bgdbabogados.com\/en\/wp-json\/wp\/v2\/posts"}],"about":[{"href":"https:\/\/www.bgdbabogados.com\/en\/wp-json\/wp\/v2\/types\/post"}],"author":[{"embeddable":true,"href":"https:\/\/www.bgdbabogados.com\/en\/wp-json\/wp\/v2\/users\/1"}],"replies":[{"embeddable":true,"href":"https:\/\/www.bgdbabogados.com\/en\/wp-json\/wp\/v2\/comments?post=12593"}],"version-history":[{"count":0,"href":"https:\/\/www.bgdbabogados.com\/en\/wp-json\/wp\/v2\/posts\/12593\/revisions"}],"wp:featuredmedia":[{"embeddable":true,"href":"https:\/\/www.bgdbabogados.com\/en\/wp-json\/wp\/v2\/media\/12553"}],"wp:attachment":[{"href":"https:\/\/www.bgdbabogados.com\/en\/wp-json\/wp\/v2\/media?parent=12593"}],"wp:term":[{"taxonomy":"category","embeddable":true,"href":"https:\/\/www.bgdbabogados.com\/en\/wp-json\/wp\/v2\/categories?post=12593"},{"taxonomy":"post_tag","embeddable":true,"href":"https:\/\/www.bgdbabogados.com\/en\/wp-json\/wp\/v2\/tags?post=12593"}],"curies":[{"name":"wp","href":"https:\/\/api.w.org\/{rel}","templated":true}]}}